{"id":101,"date":"2024-04-22T12:21:10","date_gmt":"2024-04-22T15:21:10","guid":{"rendered":"http:\/\/joycestudies.art.br\/?p=101"},"modified":"2024-04-22T12:21:10","modified_gmt":"2024-04-22T15:21:10","slug":"xiii-jornada-de-estudos-irlandeses-2024-interseccionalidade-e-producao-de-conhecimento","status":"publish","type":"post","link":"https:\/\/joycestudies.art.br\/?p=101","title":{"rendered":"XIII Jornada de Estudos Irlandeses 2024 &#8211; Interseccionalidade e Produ\u00e7\u00e3o de Conhecimento"},"content":{"rendered":"\n<p>A Jornada de Estudos Irlandeses \u00e9 promovida anualmente pela Associa\u00e7\u00e3o Brasileira de Estudos Irlandeses (ABEI) em colabora\u00e7\u00e3o com universidades brasileiras e tem dois objetivos primordiais: incentivar a pesquisa em literatura irlandesa em di\u00e1logo com outras literaturas, artes e m\u00eddias; e estabelecer um f\u00f3rum de discuss\u00e3o para pesquisadores de diversos n\u00edveis, em estudos lingu\u00edsticos e liter\u00e1rios, a partir dos Estudos Irlandeses.<\/p>\n\n\n\n<p>Em sua d\u00e9cima terceira edi\u00e7\u00e3o, a Jornada \u00e9 promovida pela Universidade Federal de Rondon\u00f3polis (UFR), sob a tem\u00e1tica: &#8220;Interseccionalidade e produ\u00e7\u00e3o de conhecimento&#8221;. O tema est\u00e1 fundamentado no conceito de \u201cinterseccionalidade\u201d (CRENSHAW, 1989), uma abordagem que estimula pesquisadores e jovens acad\u00eamicos a examinarem como quest\u00f5es de poder, privil\u00e9gio e opress\u00e3o se entrela\u00e7am com quest\u00f5es de ra\u00e7a, g\u00eanero e classe.<\/p>\n\n\n\n<p>O evento visa, portanto, repensar o c\u00e2none liter\u00e1rio e a educa\u00e7\u00e3o em l\u00edngua estrangeira por meio do exame de desigualdades hist\u00f3ricas, incorporando teorias cr\u00edticas de ra\u00e7a, decolonialidade, estudos de migra\u00e7\u00e3o e di\u00e1spora, estudos da defici\u00eancia e direitos humanos, teorias feministas e&nbsp;<em>queer<\/em>&nbsp;e estudos de classe, entre outras. O conceito de interseccionalidade visa extrapolar os limites te\u00f3ricos tradicionais e pensar novas perspectivas.<\/p>\n\n\n\n<p>A Jornada ser\u00e1 realizada com atividades presenciais na cidade de Rondon\u00f3polis-MT e virtuais nos dias 19, 20 e 21 de junho de 2024, nos turnos matutino e vespertino. O idioma do evento ser\u00e1 a l\u00edngua portuguesa, com a possibilidade de palestras\/falas em l\u00edngua inglesa. O evento prop\u00f5e o entrela\u00e7amento cultural, a ser abordado em oficinas, confer\u00eancias, mesas-redondas, comunica\u00e7\u00f5es coordenadas ou individuais e sess\u00f5es de p\u00f4steres, abertas \u00e0 participa\u00e7\u00e3o de alunos de gradua\u00e7\u00e3o, p\u00f3s-gradua\u00e7\u00e3o, professores e outros pesquisadores. Os organizadores aceitam propostas de comunica\u00e7\u00f5es individuais ou coordenadas sobre os seguintes t\u00f3picos:<\/p>\n\n\n\n<ul>\n<li>Estudos irlandeses: literatura, hist\u00f3ria e cultura;<\/li>\n\n\n\n<li>Di\u00e1logos entre literatura irlandesa e outras literaturas;<\/li>\n\n\n\n<li>Inter-rela\u00e7\u00e3o entre autores, g\u00eaneros e textos;<\/li>\n\n\n\n<li>Literatura e outras artes: cinema, teatro, m\u00fasica, artes pl\u00e1sticas;<\/li>\n\n\n\n<li>Interculturalidade e linguagem;<\/li>\n\n\n\n<li>Literatura e tradu\u00e7\u00e3o;<\/li>\n\n\n\n<li>Literatura e hist\u00f3ria;<\/li>\n\n\n\n<li>Literatura brasileira em di\u00e1logo;<\/li>\n\n\n\n<li>Literatura, g\u00eanero, sexualidade;<\/li>\n\n\n\n<li>Literatura e quest\u00f5es \u00e9tnico-raciais;<\/li>\n\n\n\n<li>Ensino de literaturas e l\u00ednguas;<\/li>\n\n\n\n<li>L\u00edngua, identidade e poder.<\/li>\n<\/ul>\n\n\n\n<div class=\"wp-block-buttons is-layout-flex wp-block-buttons-is-layout-flex\">\n<div class=\"wp-block-button\"><a class=\"wp-block-button__link wp-element-button\" href=\"https:\/\/www.even3.com.br\/xiii-jornada-de-estudos-irlandeses-2024-interseccionalidade-e-producao-de-conhecimento-445259\/\">Link para a p\u00e1gina do evento<\/a><\/div>\n<\/div>\n","protected":false},"excerpt":{"rendered":"<p>A Jornada de Estudos Irlandeses \u00e9 promovida anualmente pela Associa\u00e7\u00e3o Brasileira de Estudos Irlandeses (ABEI) em colabora\u00e7\u00e3o com universidades brasileiras e tem dois objetivos primordiais: incentivar a pesquisa em literatura irlandesa em di\u00e1logo com outras literaturas, artes e m\u00eddias; e estabelecer um f\u00f3rum de discuss\u00e3o para pesquisadores de diversos n\u00edveis, em estudos lingu\u00edsticos e liter\u00e1rios, [&hellip;]<\/p>\n","protected":false},"author":3,"featured_media":0,"comment_status":"open","ping_status":"open","sticky":false,"template":"","format":"standard","meta":{"footnotes":""},"categories":[1],"tags":[12,13,11],"_links":{"self":[{"href":"https:\/\/joycestudies.art.br\/index.php?rest_route=\/wp\/v2\/posts\/101"}],"collection":[{"href":"https:\/\/joycestudies.art.br\/index.php?rest_route=\/wp\/v2\/posts"}],"about":[{"href":"https:\/\/joycestudies.art.br\/index.php?rest_route=\/wp\/v2\/types\/post"}],"author":[{"embeddable":true,"href":"https:\/\/joycestudies.art.br\/index.php?rest_route=\/wp\/v2\/users\/3"}],"replies":[{"embeddable":true,"href":"https:\/\/joycestudies.art.br\/index.php?rest_route=%2Fwp%2Fv2%2Fcomments&post=101"}],"version-history":[{"count":1,"href":"https:\/\/joycestudies.art.br\/index.php?rest_route=\/wp\/v2\/posts\/101\/revisions"}],"predecessor-version":[{"id":102,"href":"https:\/\/joycestudies.art.br\/index.php?rest_route=\/wp\/v2\/posts\/101\/revisions\/102"}],"wp:attachment":[{"href":"https:\/\/joycestudies.art.br\/index.php?rest_route=%2Fwp%2Fv2%2Fmedia&parent=101"}],"wp:term":[{"taxonomy":"category","embeddable":true,"href":"https:\/\/joycestudies.art.br\/index.php?rest_route=%2Fwp%2Fv2%2Fcategories&post=101"},{"taxonomy":"post_tag","embeddable":true,"href":"https:\/\/joycestudies.art.br\/index.php?rest_route=%2Fwp%2Fv2%2Ftags&post=101"}],"curies":[{"name":"wp","href":"https:\/\/api.w.org\/{rel}","templated":true}]}}